{"id":644,"date":"2024-02-14T18:55:00","date_gmt":"2024-02-14T17:55:00","guid":{"rendered":"http:\/\/www.tempiodicallaighe.it\/?p=644"},"modified":"2025-01-28T12:47:36","modified_gmt":"2025-01-28T11:47:36","slug":"lupercali-e-san-valentino","status":"publish","type":"post","link":"https:\/\/www.tempiodicallaighe.it\/?p=644","title":{"rendered":"Lupercali e San Valentino"},"content":{"rendered":"\n<p>Nell\u2019antica Roma, dal 13 al 15 febbraio, si festeggiavano i Lupercali, in onore di Luperco, protettore del bestiame dall\u2019attacco dei lupi, inizialmente identificato con il lupo sacro a Marte, viene successivamente considerato un epiteto di Fauno per essere infine assimilato al dio Pan. Fauno \u00e8 una delle pi\u00f9 antiche divinit\u00e0 italiche, nonch\u00e9 dell&#8217;istitutore dei Salii e dei Luperci, le due sodalitates dedicate al culto iniziatico di Marte. Aveva come passatempi cacciare e corteggiare le ninfe. Amava suonare il flauto ed era portatore di istinti sessuali. Il suo aspetto era dalle forme umane, ma con le gambe da capra e le corna sul capo. Plutarco racconta nei dettagli la festa in <em>Vite parallele<\/em> mentre Dionigi di Alicarnasso, storico vissuto durante il principato di Augusto, la associa al miracoloso ritrovamento e allattamento di Romolo e Remo da parte di una lupa che aveva da poco partorito. I Lupercali venivano infatti celebrati nella grotta Lupercale, posta sul colle romano del Palatino dove, secondo la leggenda, fu fondata la citt\u00e0 di Roma. Anche il poeta Properzio accenn\u00f2 al culto di Luperco nella prima elegia del quarto libro delle Elegie, descrivendone in un verso l&#8217;origine, risalente a suo dire agli albori dell&#8217;Urbe.<\/p>\n\n\n\n<p>Durante la festa dei Lupercali si svolgevano pratiche arcaiche della fertilit\u00e0, erano feste molto importanti e sentite nell\u2019antica Roma e il mese di febbraio, prima dell\u2019inizio del nuovo anno che cadeva a marzo, era dedicato alla purificazione. Il rituale si ritiene fosse suddiviso in due fasi, la prima delle quali aveva come tema principale il passaggio dall\u2019infanzia all\u2019adolescenza, si bagnava la fronte dei giovani con del sangue di un caprone sacrificato e poi si puliva con un panno di lana imbevuto di latte. La seconda fase prevedeva la corsa dei luperci i quali, dopo aver sacrificato capre e un cane, rivestivano il loro corpo nudo della pelle di questi e correvano attorno alla base del Palatino, fustigando con delle strisce della medesima pelle il terreno e quelle donne che si offrivano al colpo, per propiziare la fecondit\u00e0. I luperci erano come lupi nella loro corsa sfrenata intorno al colle e capri nell\u2019infondere la fertilit\u00e0 dell\u2019animale alla terra e alle donne. La corsa dei giovani, ormai stremati, si concludeva quando questi raggiungevano il Foto nella citt\u00e0 e attraversavano il pi\u00f9 antico arco di Roma, il Tigillum Sororium, un arco ligneo posto vicino agli altari di Giunone Sororia e di Giano Curiazio.<\/p>\n\n\n\n<figure class=\"wp-block-image\"><a href=\"https:\/\/www.tempiodicallaighe.it\/wp-content\/uploads\/2024\/02\/lupercali.jpg\"><img loading=\"lazy\" decoding=\"async\" width=\"300\" height=\"180\" sizes=\"auto, (max-width: 709px) 85vw, (max-width: 909px) 67vw, (max-width: 1362px) 62vw, 840px\" src=\"https:\/\/www.tempiodicallaighe.it\/wp-content\/uploads\/2024\/02\/lupercali-300x180.jpg\" alt=\"lupercali\" class=\"wp-image-646\" title=\"lupercali\" srcset=\"https:\/\/www.tempiodicallaighe.it\/wp-content\/uploads\/2024\/02\/lupercali-300x180.jpg 300w, https:\/\/www.tempiodicallaighe.it\/wp-content\/uploads\/2024\/02\/lupercali.jpg 320w\" \/><\/a><\/figure>\n\n\n\n<p class=\"has-text-align-center\"><\/p>\n\n\n\n<h4 class=\"wp-block-heading has-text-align-left\"><strong>Associazione con San Valentino<\/strong><\/h4>\n\n\n\n<p>Sebbene cadano nello stesso periodo, \u00e8 errato associare la festa dei Lupercali, festa arcaica antica, antecedente forse anche alla fondazione di Roma che \u00e8 stata celebrata a lungo, fino al medioevo, con il \u201cmoderno\u201d San Valentino che, diversamente da quanto molti pensano, non fu istituita dalla Chiesa per soppiantare i riti pagani associati alla fertilit\u00e0, all\u2019abbondanza e alla crescita personale. La festa che cade il 14 febbraio comincia ad essere associata all\u2019amore solo nel XIV, in particolar modo in Inghilterra, e solo con Alban Butler, sacerdote e agiografo inglese che visse a met\u00e0 del Settecento, <em>The Lives of the Fathers, Martyrs and Other Principal Saints<\/em>, per la prima volta in assoluto, si trova la nozione di San Valentino come festa istituita per sostituire il costume pagano dei Lupercali. L\u2019autore si riferisce alla tradizione di scambiarsi lettere d\u2019amore e d\u2019auguri, consuetudine che \u00e8 andata a sovrapporsi all\u2019usanza pagana, non attestata, di scrivere su piccoli foglietti il nome della fanciulla che volevano sedurre, facendolo poi bruciare su una pira per infiammare il cuore di lei in una sorta di magia d\u2019amore portata avanti mediante l\u2019invocazione di divinit\u00e0 pagane. Un vescovo che davvero sanzion\u00f2 piccole \u201cmagie d\u2019amore\u201d che venivano portate avanti il 14 febbraio fu san Francesco di Sales a inizio Seicento, prendendosela con un costume dei giovani della zona.<\/p>\n\n\n<div class=\"wp-block-image\">\n<figure class=\"aligncenter\"><a href=\"https:\/\/www.tempiodicallaighe.it\/wp-content\/uploads\/2024\/02\/biglietto.jpeg\"><img loading=\"lazy\" decoding=\"async\" width=\"300\" height=\"300\" sizes=\"auto, (max-width: 709px) 85vw, (max-width: 909px) 67vw, (max-width: 1362px) 62vw, 840px\" src=\"https:\/\/www.tempiodicallaighe.it\/wp-content\/uploads\/2024\/02\/biglietto-300x300.jpeg\" alt=\"Biglietto di San Valentino 1800\" class=\"wp-image-645\" srcset=\"https:\/\/www.tempiodicallaighe.it\/wp-content\/uploads\/2024\/02\/biglietto-300x300.jpeg 300w, https:\/\/www.tempiodicallaighe.it\/wp-content\/uploads\/2024\/02\/biglietto-150x150.jpeg 150w, https:\/\/www.tempiodicallaighe.it\/wp-content\/uploads\/2024\/02\/biglietto.jpeg 320w\" \/><\/a><figcaption class=\"wp-element-caption\">Biglietto di San Valentino &#8211; Pennsylvania intorno al 1800. Rare Book Department, Free Library of Philadelphia<\/figcaption><\/figure>\n<\/div>\n\n\n<h4 class=\"wp-block-heading has-text-align-left\"><strong>Come festeggiare oggi<\/strong><\/h4>\n\n\n\n<p>Come gi\u00e0 scritto, il mese di febbraio era un periodo dedicato alla purificazione, il nome del mese infatti deriva dal latino <em>februare<\/em>, che significa &#8220;purificare&#8221; o &#8220;un rimedio agli errori&#8221;. Le giornate si stanno a poco a poco allungando, l\u2019aria \u00e8 ancora fresca ma il sole pomeridiano riesce a riscaldare la terra, iniziano a sbocciare i primi fiori quali i bucaneve e le primule. \u00c8 il momento migliore per dedicarsi alla pulizia della casa, di aprire le finestre per far circolare l\u2019aria qualche minuto, di togliere la polvere da tutte le superfici (s\u00ec, anche dai lampadari e dai piani pi\u00f9 alti dei mobili) e di eliminare o donare le cose vecchie o che non si usano pi\u00f9. Valutiamo anche di purificare l\u2019ambiente a livello energetico, utilizzando dell\u2019incenso, del palo santo o della salvia, posizionando piante e cristalli nei punti pi\u00f9 strategici all\u2019interno degli ambienti. Una volta pulito l\u2019ambiente, possiamo dedicarci a noi stessi, concedendoci un bagno rituale caldo e prendendoci cura di noi non solo fisicamente ma anche a livello mentale e spirituale, scegliendo ad esempio di eliminare (o almeno limitare) le cattive abitudini, cucinando pasti sani, bevendo tisane e ritagliandoci del tempo per dedicarsi ai propri hobby, meditare, leggere o rilassarci. In questi giorni, anche se non si ha un compagno o una compagna, possiamo dedicare delle attenzioni a noi stessi, amandoci e apprezzandoci.<\/p>\n\n\n\n<p>Senza cadere nella trappola del consumismo, non \u00e8 una cattiva idea dedicare un giorno o due all\u2019anno all\u2019amore romantico, d\u2019altra parte l\u2019amore \u00e8 ci\u00f2 che fa girare il mondo, un sentimento che suscita emozioni forti, difficile da definire con poche parole, e che ha ispirato ogni genere di artista, dai poeti ai cantanti, dai pittori ai registi di Hollywood. Quindi, che si sia da soli, in coppia o tra amici, si pu\u00f2 celebrare l\u2019Amore con una cena abbondante e golosa, prediligendo cibi, salse e vino rosso, alimenti afrodisiaci come avocado, caviale, molluschi, peperoncino, mandorle, fichi, fragole e cioccolato, ma anche latticini e formaggi di capra, come associazione ai Lupercali. Oltre a dedicare attenzioni, anche intime, al proprio o ai propri partner, si pu\u00f2 riflettere sulla possibilit\u00e0 di compiere dei riti legati alla fertilit\u00e0, in particolar modo se si desidera avere dei figli, che siano in carne ed ossa \u2026 o meno! Possono essere considerati dei \u201cfigli\u201d anche dei progetti importanti che necessitano molte energie e molto tempo, il raggiungimento del successo professionale, la realizzazione delle proprie passioni e via dicendo.<\/p>\n\n\n\n<figure class=\"wp-block-image\"><a href=\"https:\/\/www.tempiodicallaighe.it\/wp-content\/uploads\/2024\/02\/purificazione.jpg\"><img loading=\"lazy\" decoding=\"async\" width=\"300\" height=\"200\" sizes=\"auto, (max-width: 709px) 85vw, (max-width: 909px) 67vw, (max-width: 1362px) 62vw, 840px\" src=\"https:\/\/www.tempiodicallaighe.it\/wp-content\/uploads\/2024\/02\/purificazione-300x200.jpg\" alt=\"smudge\" class=\"wp-image-647\" title=\"smudge\" srcset=\"https:\/\/www.tempiodicallaighe.it\/wp-content\/uploads\/2024\/02\/purificazione-300x200.jpg 300w, https:\/\/www.tempiodicallaighe.it\/wp-content\/uploads\/2024\/02\/purificazione.jpg 400w\" \/><\/a><\/figure>\n\n\n\n<p class=\"has-text-align-center\"><\/p>\n","protected":false},"excerpt":{"rendered":"<p>Nell\u2019antica Roma, dal 13 al 15 febbraio, si festeggiavano i Lupercali, in onore di Luperco, protettore del bestiame dall\u2019attacco dei lupi, inizialmente identificato con il lupo sacro a Marte, viene successivamente considerato un epiteto di Fauno per essere infine assimilato al dio Pan. Fauno \u00e8 una delle pi\u00f9 antiche divinit\u00e0 italiche, nonch\u00e9 dell&#8217;istitutore dei Salii &hellip; <a href=\"https:\/\/www.tempiodicallaighe.it\/?p=644\" class=\"more-link\">Continue reading<span class=\"screen-reader-text\"> &#8220;Lupercali e San Valentino&#8221;<\/span><\/a><\/p>\n","protected":false},"author":3,"featured_media":0,"comment_status":"closed","ping_status":"open","sticky":false,"template":"","format":"standard","meta":{"footnotes":""},"categories":[57],"tags":[54,56,55],"class_list":["post-644","post","type-post","status-publish","format-standard","hentry","category-articoli-stagionali","tag-antica-roma","tag-festivita","tag-lupercali"],"yoast_head":"<!-- This site is optimized with the Yoast SEO plugin v26.7 - https:\/\/yoast.com\/wordpress\/plugins\/seo\/ -->\n<title>Lupercali e San Valentino - Tempio di Callaighe<\/title>\n<meta name=\"description\" content=\"lupercali e san valentino: dal 13 al 15 febbraio, si festeggiavano i Lupercali, in onore di Luperco protettore del Bestiame\" \/>\n<meta name=\"robots\" content=\"index, follow, max-snippet:-1, max-image-preview:large, max-video-preview:-1\" \/>\n<link rel=\"canonical\" href=\"https:\/\/www.tempiodicallaighe.it\/?p=644\" \/>\n<meta property=\"og:locale\" content=\"it_IT\" \/>\n<meta property=\"og:type\" content=\"article\" \/>\n<meta property=\"og:title\" content=\"Lupercali e San Valentino - Tempio di Callaighe\" \/>\n<meta property=\"og:description\" content=\"lupercali e san valentino: dal 13 al 15 febbraio, si festeggiavano i Lupercali, in onore di Luperco protettore del Bestiame\" \/>\n<meta property=\"og:url\" content=\"https:\/\/www.tempiodicallaighe.it\/?p=644\" \/>\n<meta property=\"og:site_name\" content=\"Tempio di Callaighe\" \/>\n<meta property=\"article:publisher\" content=\"https:\/\/facebook.com\/tempiodicallaighe\" \/>\n<meta property=\"article:published_time\" content=\"2024-02-14T17:55:00+00:00\" \/>\n<meta property=\"article:modified_time\" content=\"2025-01-28T11:47:36+00:00\" \/>\n<meta property=\"og:image\" content=\"http:\/\/www.tempiodicallaighe.it\/wp-content\/uploads\/2024\/02\/lupercali-300x180.jpg\" \/>\n<meta name=\"author\" content=\"Helyanwes\" \/>\n<meta name=\"twitter:card\" content=\"summary_large_image\" \/>\n<meta name=\"twitter:label1\" content=\"Scritto da\" \/>\n\t<meta name=\"twitter:data1\" content=\"Helyanwes\" \/>\n\t<meta name=\"twitter:label2\" content=\"Tempo di lettura stimato\" \/>\n\t<meta name=\"twitter:data2\" content=\"7 minuti\" \/>\n<script type=\"application\/ld+json\" class=\"yoast-schema-graph\">{\"@context\":\"https:\/\/schema.org\",\"@graph\":[{\"@type\":\"ScholarlyArticle\",\"@id\":\"https:\/\/www.tempiodicallaighe.it\/?p=644#article\",\"isPartOf\":{\"@id\":\"https:\/\/www.tempiodicallaighe.it\/?p=644\"},\"author\":{\"name\":\"Helyanwes\",\"@id\":\"https:\/\/www.tempiodicallaighe.it\/#\/schema\/person\/f0391bccbd3524bef99939fe74533ddc\"},\"headline\":\"Lupercali e San Valentino\",\"datePublished\":\"2024-02-14T17:55:00+00:00\",\"dateModified\":\"2025-01-28T11:47:36+00:00\",\"mainEntityOfPage\":{\"@id\":\"https:\/\/www.tempiodicallaighe.it\/?p=644\"},\"wordCount\":1063,\"image\":{\"@id\":\"https:\/\/www.tempiodicallaighe.it\/?p=644#primaryimage\"},\"thumbnailUrl\":\"http:\/\/www.tempiodicallaighe.it\/wp-content\/uploads\/2024\/02\/lupercali-300x180.jpg\",\"keywords\":[\"Antica Roma\",\"Festivit\u00e0\",\"Lupercali\"],\"articleSection\":[\"Articoli Stagionali\"],\"inLanguage\":\"it-IT\"},{\"@type\":\"WebPage\",\"@id\":\"https:\/\/www.tempiodicallaighe.it\/?p=644\",\"url\":\"https:\/\/www.tempiodicallaighe.it\/?p=644\",\"name\":\"Lupercali e San Valentino - Tempio di Callaighe\",\"isPartOf\":{\"@id\":\"https:\/\/www.tempiodicallaighe.it\/#website\"},\"primaryImageOfPage\":{\"@id\":\"https:\/\/www.tempiodicallaighe.it\/?p=644#primaryimage\"},\"image\":{\"@id\":\"https:\/\/www.tempiodicallaighe.it\/?p=644#primaryimage\"},\"thumbnailUrl\":\"http:\/\/www.tempiodicallaighe.it\/wp-content\/uploads\/2024\/02\/lupercali-300x180.jpg\",\"datePublished\":\"2024-02-14T17:55:00+00:00\",\"dateModified\":\"2025-01-28T11:47:36+00:00\",\"author\":{\"@id\":\"https:\/\/www.tempiodicallaighe.it\/#\/schema\/person\/f0391bccbd3524bef99939fe74533ddc\"},\"description\":\"lupercali e san valentino: dal 13 al 15 febbraio, si festeggiavano i Lupercali, in onore di Luperco protettore del Bestiame\",\"breadcrumb\":{\"@id\":\"https:\/\/www.tempiodicallaighe.it\/?p=644#breadcrumb\"},\"inLanguage\":\"it-IT\",\"potentialAction\":[{\"@type\":\"ReadAction\",\"target\":[\"https:\/\/www.tempiodicallaighe.it\/?p=644\"]}]},{\"@type\":\"ImageObject\",\"inLanguage\":\"it-IT\",\"@id\":\"https:\/\/www.tempiodicallaighe.it\/?p=644#primaryimage\",\"url\":\"http:\/\/www.tempiodicallaighe.it\/wp-content\/uploads\/2024\/02\/lupercali-300x180.jpg\",\"contentUrl\":\"http:\/\/www.tempiodicallaighe.it\/wp-content\/uploads\/2024\/02\/lupercali-300x180.jpg\"},{\"@type\":\"BreadcrumbList\",\"@id\":\"https:\/\/www.tempiodicallaighe.it\/?p=644#breadcrumb\",\"itemListElement\":[{\"@type\":\"ListItem\",\"position\":1,\"name\":\"Home\",\"item\":\"https:\/\/www.tempiodicallaighe.it\/\"},{\"@type\":\"ListItem\",\"position\":2,\"name\":\"Lupercali e San Valentino\"}]},{\"@type\":\"WebSite\",\"@id\":\"https:\/\/www.tempiodicallaighe.it\/#website\",\"url\":\"https:\/\/www.tempiodicallaighe.it\/\",\"name\":\"Tempio di Callaighe\",\"description\":\"Clan del Focolare Sacro\",\"potentialAction\":[{\"@type\":\"SearchAction\",\"target\":{\"@type\":\"EntryPoint\",\"urlTemplate\":\"https:\/\/www.tempiodicallaighe.it\/?s={search_term_string}\"},\"query-input\":{\"@type\":\"PropertyValueSpecification\",\"valueRequired\":true,\"valueName\":\"search_term_string\"}}],\"inLanguage\":\"it-IT\"},{\"@type\":\"Person\",\"@id\":\"https:\/\/www.tempiodicallaighe.it\/#\/schema\/person\/f0391bccbd3524bef99939fe74533ddc\",\"name\":\"Helyanwes\",\"image\":{\"@type\":\"ImageObject\",\"inLanguage\":\"it-IT\",\"@id\":\"https:\/\/www.tempiodicallaighe.it\/#\/schema\/person\/image\/\",\"url\":\"https:\/\/secure.gravatar.com\/avatar\/dfa67b5e6b9e163f5c03be34087bdeec08294e27d986d5c42d247367867c7d1e?s=96&d=mm&r=g\",\"contentUrl\":\"https:\/\/secure.gravatar.com\/avatar\/dfa67b5e6b9e163f5c03be34087bdeec08294e27d986d5c42d247367867c7d1e?s=96&d=mm&r=g\",\"caption\":\"Helyanwes\"},\"url\":\"https:\/\/www.tempiodicallaighe.it\/?author=3\"}]}<\/script>\n<!-- \/ Yoast SEO plugin. -->","yoast_head_json":{"title":"Lupercali e San Valentino - Tempio di Callaighe","description":"lupercali e san valentino: dal 13 al 15 febbraio, si festeggiavano i Lupercali, in onore di Luperco protettore del Bestiame","robots":{"index":"index","follow":"follow","max-snippet":"max-snippet:-1","max-image-preview":"max-image-preview:large","max-video-preview":"max-video-preview:-1"},"canonical":"https:\/\/www.tempiodicallaighe.it\/?p=644","og_locale":"it_IT","og_type":"article","og_title":"Lupercali e San Valentino - Tempio di Callaighe","og_description":"lupercali e san valentino: dal 13 al 15 febbraio, si festeggiavano i Lupercali, in onore di Luperco protettore del Bestiame","og_url":"https:\/\/www.tempiodicallaighe.it\/?p=644","og_site_name":"Tempio di Callaighe","article_publisher":"https:\/\/facebook.com\/tempiodicallaighe","article_published_time":"2024-02-14T17:55:00+00:00","article_modified_time":"2025-01-28T11:47:36+00:00","og_image":[{"url":"http:\/\/www.tempiodicallaighe.it\/wp-content\/uploads\/2024\/02\/lupercali-300x180.jpg","type":"","width":"","height":""}],"author":"Helyanwes","twitter_card":"summary_large_image","twitter_misc":{"Scritto da":"Helyanwes","Tempo di lettura stimato":"7 minuti"},"schema":{"@context":"https:\/\/schema.org","@graph":[{"@type":"ScholarlyArticle","@id":"https:\/\/www.tempiodicallaighe.it\/?p=644#article","isPartOf":{"@id":"https:\/\/www.tempiodicallaighe.it\/?p=644"},"author":{"name":"Helyanwes","@id":"https:\/\/www.tempiodicallaighe.it\/#\/schema\/person\/f0391bccbd3524bef99939fe74533ddc"},"headline":"Lupercali e San Valentino","datePublished":"2024-02-14T17:55:00+00:00","dateModified":"2025-01-28T11:47:36+00:00","mainEntityOfPage":{"@id":"https:\/\/www.tempiodicallaighe.it\/?p=644"},"wordCount":1063,"image":{"@id":"https:\/\/www.tempiodicallaighe.it\/?p=644#primaryimage"},"thumbnailUrl":"http:\/\/www.tempiodicallaighe.it\/wp-content\/uploads\/2024\/02\/lupercali-300x180.jpg","keywords":["Antica Roma","Festivit\u00e0","Lupercali"],"articleSection":["Articoli Stagionali"],"inLanguage":"it-IT"},{"@type":"WebPage","@id":"https:\/\/www.tempiodicallaighe.it\/?p=644","url":"https:\/\/www.tempiodicallaighe.it\/?p=644","name":"Lupercali e San Valentino - Tempio di Callaighe","isPartOf":{"@id":"https:\/\/www.tempiodicallaighe.it\/#website"},"primaryImageOfPage":{"@id":"https:\/\/www.tempiodicallaighe.it\/?p=644#primaryimage"},"image":{"@id":"https:\/\/www.tempiodicallaighe.it\/?p=644#primaryimage"},"thumbnailUrl":"http:\/\/www.tempiodicallaighe.it\/wp-content\/uploads\/2024\/02\/lupercali-300x180.jpg","datePublished":"2024-02-14T17:55:00+00:00","dateModified":"2025-01-28T11:47:36+00:00","author":{"@id":"https:\/\/www.tempiodicallaighe.it\/#\/schema\/person\/f0391bccbd3524bef99939fe74533ddc"},"description":"lupercali e san valentino: dal 13 al 15 febbraio, si festeggiavano i Lupercali, in onore di Luperco protettore del Bestiame","breadcrumb":{"@id":"https:\/\/www.tempiodicallaighe.it\/?p=644#breadcrumb"},"inLanguage":"it-IT","potentialAction":[{"@type":"ReadAction","target":["https:\/\/www.tempiodicallaighe.it\/?p=644"]}]},{"@type":"ImageObject","inLanguage":"it-IT","@id":"https:\/\/www.tempiodicallaighe.it\/?p=644#primaryimage","url":"http:\/\/www.tempiodicallaighe.it\/wp-content\/uploads\/2024\/02\/lupercali-300x180.jpg","contentUrl":"http:\/\/www.tempiodicallaighe.it\/wp-content\/uploads\/2024\/02\/lupercali-300x180.jpg"},{"@type":"BreadcrumbList","@id":"https:\/\/www.tempiodicallaighe.it\/?p=644#breadcrumb","itemListElement":[{"@type":"ListItem","position":1,"name":"Home","item":"https:\/\/www.tempiodicallaighe.it\/"},{"@type":"ListItem","position":2,"name":"Lupercali e San Valentino"}]},{"@type":"WebSite","@id":"https:\/\/www.tempiodicallaighe.it\/#website","url":"https:\/\/www.tempiodicallaighe.it\/","name":"Tempio di Callaighe","description":"Clan del Focolare Sacro","potentialAction":[{"@type":"SearchAction","target":{"@type":"EntryPoint","urlTemplate":"https:\/\/www.tempiodicallaighe.it\/?s={search_term_string}"},"query-input":{"@type":"PropertyValueSpecification","valueRequired":true,"valueName":"search_term_string"}}],"inLanguage":"it-IT"},{"@type":"Person","@id":"https:\/\/www.tempiodicallaighe.it\/#\/schema\/person\/f0391bccbd3524bef99939fe74533ddc","name":"Helyanwes","image":{"@type":"ImageObject","inLanguage":"it-IT","@id":"https:\/\/www.tempiodicallaighe.it\/#\/schema\/person\/image\/","url":"https:\/\/secure.gravatar.com\/avatar\/dfa67b5e6b9e163f5c03be34087bdeec08294e27d986d5c42d247367867c7d1e?s=96&d=mm&r=g","contentUrl":"https:\/\/secure.gravatar.com\/avatar\/dfa67b5e6b9e163f5c03be34087bdeec08294e27d986d5c42d247367867c7d1e?s=96&d=mm&r=g","caption":"Helyanwes"},"url":"https:\/\/www.tempiodicallaighe.it\/?author=3"}]}},"_links":{"self":[{"href":"https:\/\/www.tempiodicallaighe.it\/index.php?rest_route=\/wp\/v2\/posts\/644","targetHints":{"allow":["GET"]}}],"collection":[{"href":"https:\/\/www.tempiodicallaighe.it\/index.php?rest_route=\/wp\/v2\/posts"}],"about":[{"href":"https:\/\/www.tempiodicallaighe.it\/index.php?rest_route=\/wp\/v2\/types\/post"}],"author":[{"embeddable":true,"href":"https:\/\/www.tempiodicallaighe.it\/index.php?rest_route=\/wp\/v2\/users\/3"}],"replies":[{"embeddable":true,"href":"https:\/\/www.tempiodicallaighe.it\/index.php?rest_route=%2Fwp%2Fv2%2Fcomments&post=644"}],"version-history":[{"count":0,"href":"https:\/\/www.tempiodicallaighe.it\/index.php?rest_route=\/wp\/v2\/posts\/644\/revisions"}],"wp:attachment":[{"href":"https:\/\/www.tempiodicallaighe.it\/index.php?rest_route=%2Fwp%2Fv2%2Fmedia&parent=644"}],"wp:term":[{"taxonomy":"category","embeddable":true,"href":"https:\/\/www.tempiodicallaighe.it\/index.php?rest_route=%2Fwp%2Fv2%2Fcategories&post=644"},{"taxonomy":"post_tag","embeddable":true,"href":"https:\/\/www.tempiodicallaighe.it\/index.php?rest_route=%2Fwp%2Fv2%2Ftags&post=644"}],"curies":[{"name":"wp","href":"https:\/\/api.w.org\/{rel}","templated":true}]}}